{"id":2570,"date":"2024-07-22T13:36:21","date_gmt":"2024-07-22T11:36:21","guid":{"rendered":"https:\/\/tvbuchs-zh.ch\/wordpress\/?p=2570"},"modified":"2024-11-13T17:50:54","modified_gmt":"2024-11-13T15:50:54","slug":"bundesfeier-2024","status":"publish","type":"post","link":"https:\/\/tvbuchs-zh.ch\/wordpress\/bundesfeier-2024\/","title":{"rendered":"Bundesfeier 2024"},"content":{"rendered":"\n<p>Wie \u00fcblich fand die diesj\u00e4hrige 1. Augustfeier im Sch\u00fctzenhaus Buchs statt. Es war aus unserer Sicht wieder ein toller Anlass. Der Regen am Vormittag wich dem sch\u00f6nen und warmen Wetter am Nachmittag, sodass zahlreiche Buchserinnen und Buchser, sowie auch viele Besucher den Weg zum Festplatz unter die F\u00fcsse nahmen. Bereits schon vor dem offiziellen Beginn f\u00fcllten sich die Festb\u00e4nke mehr und mehr. Um 19 Uhr er\u00f6ffnete der Musikverein Buchs mit einem kurzen Konzert die Feier. Gr\u00fcsse und ein herzlich Willkommen durch den Gemeinderat Markus Sch\u00f6n folgten. Die diesj\u00e4hrige Festrednerin, unsere Nationalr\u00e4tin Barbara Steinemann aus der Nachbargemeinde Regensdorf\/Watt hielt ihre eindr\u00fcckliche Rede und erkl\u00e4rte uns, wie unsere Schweiz wie ein starker Baum den Problemen in der Vergangenheit Stand hielt. Starke Wurzeln, aber auch knorrige \u00c4ste und Zweige trotzten dem Widerstand von innen und aussen und werden mit Sicherheit auch den n\u00e4chsten Turbulenzen und Problemen gewachsen sein. Anschliessend sangen wir die Nationalhymne, musikalisch unterst\u00fctzt durch den Musikverein.<br>Dankesworte an die Festrednerin, den beteiligten Vereinen und den vielen Helfer durch den Gemeinderat rundeten den offiziellen, 1. Teil der Augustfeier ab.<br>Nach Einbruch der D\u00e4mmerung besammelten sich unsere j\u00fcngsten Teilnehmer zum obligaten Lampionumzug. Bei deren R\u00fcckkehr wurde das 1.-Augustfeuer entfacht. Herrlich wie sich das Feuer in das trockene Holz hineinfrass. Etliche Vulkane, Raketen oder Knallk\u00f6rper fehlten auch dieses Jahr nicht.<br>Wegen des einsetzenden Regens wurde die Festwirtschaft ins Festzelt verlegt und bis zur sp\u00e4ten Stunde offen gehalten.<\/p>\n\n\n\n<p>Der Turnverein Buchs bedankt sich bei allen Besucherinnen und Besucher ganz herzlich. Wir w\u00fcnschen Ihnen einen sch\u00f6nen Sommer, stressfreie Tage und gute Gesundheit. Ville, ville Dank!<\/p>\n\n\n\n<p>IHR TURNVEREIN BUCHS<\/p>\n","protected":false},"excerpt":{"rendered":"<p>Wie \u00fcblich fand die diesj\u00e4hrige 1. Augustfeier im Sch\u00fctzenhaus Buchs statt. Es war aus unserer Sicht wieder ein toller Anlass. Der Regen am Vormittag wich dem sch\u00f6nen und warmen Wetter am Nachmittag, sodass zahlreiche Buchserinnen und Buchser, sowie auch viele Besucher den Weg zum Festplatz unter die F\u00fcsse nahmen. Bereits schon vor dem offiziellen Beginn &hellip; <a href=\"https:\/\/tvbuchs-zh.ch\/wordpress\/bundesfeier-2024\/\" class=\"more-link\">Continue reading<span class=\"screen-reader-text\"> &#8220;Bundesfeier 2024&#8221;<\/span><\/a><\/p>\n","protected":false},"author":1,"featured_media":2572,"comment_status":"closed","ping_status":"closed","sticky":false,"template":"","format":"standard","meta":{"ngg_post_thumbnail":0,"footnotes":""},"categories":[7],"tags":[],"class_list":["post-2570","post","type-post","status-publish","format-standard","has-post-thumbnail","hentry","category-text-des-turnvereins"],"_links":{"self":[{"href":"https:\/\/tvbuchs-zh.ch\/wordpress\/wp-json\/wp\/v2\/posts\/2570","targetHints":{"allow":["GET"]}}],"collection":[{"href":"https:\/\/tvbuchs-zh.ch\/wordpress\/wp-json\/wp\/v2\/posts"}],"about":[{"href":"https:\/\/tvbuchs-zh.ch\/wordpress\/wp-json\/wp\/v2\/types\/post"}],"author":[{"embeddable":true,"href":"https:\/\/tvbuchs-zh.ch\/wordpress\/wp-json\/wp\/v2\/users\/1"}],"replies":[{"embeddable":true,"href":"https:\/\/tvbuchs-zh.ch\/wordpress\/wp-json\/wp\/v2\/comments?post=2570"}],"version-history":[{"count":7,"href":"https:\/\/tvbuchs-zh.ch\/wordpress\/wp-json\/wp\/v2\/posts\/2570\/revisions"}],"predecessor-version":[{"id":2588,"href":"https:\/\/tvbuchs-zh.ch\/wordpress\/wp-json\/wp\/v2\/posts\/2570\/revisions\/2588"}],"wp:featuredmedia":[{"embeddable":true,"href":"https:\/\/tvbuchs-zh.ch\/wordpress\/wp-json\/wp\/v2\/media\/2572"}],"wp:attachment":[{"href":"https:\/\/tvbuchs-zh.ch\/wordpress\/wp-json\/wp\/v2\/media?parent=2570"}],"wp:term":[{"taxonomy":"category","embeddable":true,"href":"https:\/\/tvbuchs-zh.ch\/wordpress\/wp-json\/wp\/v2\/categories?post=2570"},{"taxonomy":"post_tag","embeddable":true,"href":"https:\/\/tvbuchs-zh.ch\/wordpress\/wp-json\/wp\/v2\/tags?post=2570"}],"curies":[{"name":"wp","href":"https:\/\/api.w.org\/{rel}","templated":true}]}}