{"id":2617,"date":"2024-09-01T14:23:07","date_gmt":"2024-09-01T12:23:07","guid":{"rendered":"https:\/\/tvbuchs-zh.ch\/wordpress\/?p=2617"},"modified":"2024-11-13T17:49:30","modified_gmt":"2024-11-13T15:49:30","slug":"turnverein-auf-turnfahrt-nach-davos","status":"publish","type":"post","link":"https:\/\/tvbuchs-zh.ch\/wordpress\/turnverein-auf-turnfahrt-nach-davos\/","title":{"rendered":"Turnverein auf Turnfahrt nach Davos"},"content":{"rendered":"\n<figure class=\"wp-block-image size-large\"><a href=\"https:\/\/tvbuchs-zh.ch\/wordpress\/wp-content\/uploads\/2024\/09\/IMG-20240825-WA0008-C-1.jpg\"><img loading=\"lazy\" decoding=\"async\" width=\"1024\" height=\"542\" src=\"https:\/\/tvbuchs-zh.ch\/wordpress\/wp-content\/uploads\/2024\/09\/IMG-20240825-WA0008-C-1-1024x542.jpg\" alt=\"\" class=\"wp-image-2619\" srcset=\"https:\/\/tvbuchs-zh.ch\/wordpress\/wp-content\/uploads\/2024\/09\/IMG-20240825-WA0008-C-1-1024x542.jpg 1024w, https:\/\/tvbuchs-zh.ch\/wordpress\/wp-content\/uploads\/2024\/09\/IMG-20240825-WA0008-C-1-300x159.jpg 300w, https:\/\/tvbuchs-zh.ch\/wordpress\/wp-content\/uploads\/2024\/09\/IMG-20240825-WA0008-C-1-768x407.jpg 768w, https:\/\/tvbuchs-zh.ch\/wordpress\/wp-content\/uploads\/2024\/09\/IMG-20240825-WA0008-C-1-1200x635.jpg 1200w, https:\/\/tvbuchs-zh.ch\/wordpress\/wp-content\/uploads\/2024\/09\/IMG-20240825-WA0008-C-1.jpg 1252w\" sizes=\"auto, (max-width: 709px) 85vw, (max-width: 909px) 67vw, (max-width: 1362px) 62vw, 840px\" \/><\/a><\/figure>\n\n\n\n<p>Am Freitagmorgen, 23. August machten wir uns mit dem Zug auf den Weg nach Davos. Unser erstes Ziel war das Schweizerische Lawinenforschungszentrum, wo wir eine spannende F\u00fchrung \u00fcber die Themen Schnee, Atmosph\u00e4re, Naturgefahren, Permafrost erhielten.<br>Anschliessend teilten wir uns in 2 Gruppen auf. Die J\u00fcngeren st\u00fcrzten sich in den Seilpark Davos, w\u00e4hrend die \u00c4lteren den idyllischen Davoser See erkundeten. Am Nachmittag durften wir hinter die Kulissen des &#8220;sch\u00f6nsten&#8221; Hockeystadions der Schweiz blicken. Ein besonderes Erlebnis, mit vielen Infos aus Erster Hand!<\/p>\n\n\n\n<p>Den Abend liessen wir im Biergarten Mountain\u2019s Akt gem\u00fctlich ausklingen.<\/p>\n\n\n\n<p>Am n\u00e4chsten Morgen ging es f\u00fcr einige zu Fuss, f\u00fcr die Anderen mit dem Mountainbike (teilweise auch zu Fuss) weiter.<\/p>\n\n\n\n<figure class=\"wp-block-image size-large\"><a href=\"https:\/\/tvbuchs-zh.ch\/wordpress\/wp-content\/uploads\/2024\/09\/IMG-20240825-WA0012-2.jpg\"><img loading=\"lazy\" decoding=\"async\" width=\"768\" height=\"1024\" src=\"https:\/\/tvbuchs-zh.ch\/wordpress\/wp-content\/uploads\/2024\/09\/IMG-20240825-WA0012-2-768x1024.jpg\" alt=\"\" class=\"wp-image-2630\" srcset=\"https:\/\/tvbuchs-zh.ch\/wordpress\/wp-content\/uploads\/2024\/09\/IMG-20240825-WA0012-2-768x1024.jpg 768w, https:\/\/tvbuchs-zh.ch\/wordpress\/wp-content\/uploads\/2024\/09\/IMG-20240825-WA0012-2-225x300.jpg 225w, https:\/\/tvbuchs-zh.ch\/wordpress\/wp-content\/uploads\/2024\/09\/IMG-20240825-WA0012-2-1152x1536.jpg 1152w, https:\/\/tvbuchs-zh.ch\/wordpress\/wp-content\/uploads\/2024\/09\/IMG-20240825-WA0012-2.jpg 1200w\" sizes=\"auto, (max-width: 709px) 85vw, (max-width: 909px) 67vw, (max-width: 984px) 61vw, (max-width: 1362px) 45vw, 600px\" \/><\/a><\/figure>\n\n\n\n<p>Unser Treffpunkt war die Stafel Alp, wo wir gemeinsam zu Mittag assen. Am Nachmittag kehrten alle zum Davoser See zur\u00fcck; einige wagten sogar ein erfrischendes Bad. <\/p>\n\n\n\n<figure class=\"wp-block-image size-large\"><a href=\"https:\/\/tvbuchs-zh.ch\/wordpress\/wp-content\/uploads\/2024\/09\/IMG-20240825-WA0019-1.jpg\"><img loading=\"lazy\" decoding=\"async\" width=\"1024\" height=\"768\" src=\"https:\/\/tvbuchs-zh.ch\/wordpress\/wp-content\/uploads\/2024\/09\/IMG-20240825-WA0019-1-1024x768.jpg\" alt=\"\" class=\"wp-image-2626\" srcset=\"https:\/\/tvbuchs-zh.ch\/wordpress\/wp-content\/uploads\/2024\/09\/IMG-20240825-WA0019-1-1024x768.jpg 1024w, https:\/\/tvbuchs-zh.ch\/wordpress\/wp-content\/uploads\/2024\/09\/IMG-20240825-WA0019-1-300x225.jpg 300w, https:\/\/tvbuchs-zh.ch\/wordpress\/wp-content\/uploads\/2024\/09\/IMG-20240825-WA0019-1-768x576.jpg 768w, https:\/\/tvbuchs-zh.ch\/wordpress\/wp-content\/uploads\/2024\/09\/IMG-20240825-WA0019-1-1536x1152.jpg 1536w, https:\/\/tvbuchs-zh.ch\/wordpress\/wp-content\/uploads\/2024\/09\/IMG-20240825-WA0019-1-1200x900.jpg 1200w, https:\/\/tvbuchs-zh.ch\/wordpress\/wp-content\/uploads\/2024\/09\/IMG-20240825-WA0019-1.jpg 1600w\" sizes=\"auto, (max-width: 709px) 85vw, (max-width: 909px) 67vw, (max-width: 1362px) 62vw, 840px\" \/><\/a><\/figure>\n\n\n\n<figure class=\"wp-block-image size-large\"><a href=\"https:\/\/tvbuchs-zh.ch\/wordpress\/wp-content\/uploads\/2024\/09\/IMG-20240824-WA0028-C-1.jpg\"><img loading=\"lazy\" decoding=\"async\" width=\"1024\" height=\"883\" src=\"https:\/\/tvbuchs-zh.ch\/wordpress\/wp-content\/uploads\/2024\/09\/IMG-20240824-WA0028-C-1-1024x883.jpg\" alt=\"\" class=\"wp-image-2621\" srcset=\"https:\/\/tvbuchs-zh.ch\/wordpress\/wp-content\/uploads\/2024\/09\/IMG-20240824-WA0028-C-1-1024x883.jpg 1024w, https:\/\/tvbuchs-zh.ch\/wordpress\/wp-content\/uploads\/2024\/09\/IMG-20240824-WA0028-C-1-300x259.jpg 300w, https:\/\/tvbuchs-zh.ch\/wordpress\/wp-content\/uploads\/2024\/09\/IMG-20240824-WA0028-C-1-768x662.jpg 768w, https:\/\/tvbuchs-zh.ch\/wordpress\/wp-content\/uploads\/2024\/09\/IMG-20240824-WA0028-C-1-1536x1324.jpg 1536w, https:\/\/tvbuchs-zh.ch\/wordpress\/wp-content\/uploads\/2024\/09\/IMG-20240824-WA0028-C-1-1200x1035.jpg 1200w, https:\/\/tvbuchs-zh.ch\/wordpress\/wp-content\/uploads\/2024\/09\/IMG-20240824-WA0028-C-1.jpg 1603w\" sizes=\"auto, (max-width: 709px) 85vw, (max-width: 909px) 67vw, (max-width: 1362px) 62vw, 840px\" \/><\/a><\/figure>\n\n\n\n<figure class=\"wp-block-image size-large\"><a href=\"https:\/\/tvbuchs-zh.ch\/wordpress\/wp-content\/uploads\/2024\/09\/IMG-20240825-WA0044.jpg\"><img loading=\"lazy\" decoding=\"async\" width=\"1024\" height=\"768\" src=\"https:\/\/tvbuchs-zh.ch\/wordpress\/wp-content\/uploads\/2024\/09\/IMG-20240825-WA0044-1024x768.jpg\" alt=\"\" class=\"wp-image-2628\" srcset=\"https:\/\/tvbuchs-zh.ch\/wordpress\/wp-content\/uploads\/2024\/09\/IMG-20240825-WA0044-1024x768.jpg 1024w, https:\/\/tvbuchs-zh.ch\/wordpress\/wp-content\/uploads\/2024\/09\/IMG-20240825-WA0044-300x225.jpg 300w, https:\/\/tvbuchs-zh.ch\/wordpress\/wp-content\/uploads\/2024\/09\/IMG-20240825-WA0044-768x576.jpg 768w, https:\/\/tvbuchs-zh.ch\/wordpress\/wp-content\/uploads\/2024\/09\/IMG-20240825-WA0044-1536x1152.jpg 1536w, https:\/\/tvbuchs-zh.ch\/wordpress\/wp-content\/uploads\/2024\/09\/IMG-20240825-WA0044-1200x900.jpg 1200w, https:\/\/tvbuchs-zh.ch\/wordpress\/wp-content\/uploads\/2024\/09\/IMG-20240825-WA0044.jpg 1600w\" sizes=\"auto, (max-width: 709px) 85vw, (max-width: 909px) 67vw, (max-width: 1362px) 62vw, 840px\" \/><\/a><\/figure>\n\n\n\n<p>Das Abendessen im Da Elio bildete den Auftakt f\u00fcr einen gemeinsamen Abend im Caprize und anschliessend im Mountain\u2019s Akt.<\/p>\n\n\n\n<p>Unser letzter Tag f\u00fchrte uns aufs Rinerhorn. Von dort wanderten wir ins malerische Sertig-D\u00f6rfli. Im Restaurant Bergf\u00fchrer st\u00e4rkten wir uns f\u00fcr den R\u00fcckweg. Mit dem Postauto und Zug machten wir uns auf den Heimweg.<\/p>\n\n\n\n<figure class=\"wp-block-image size-large\"><a href=\"https:\/\/tvbuchs-zh.ch\/wordpress\/wp-content\/uploads\/2024\/09\/IMG-20240825-WA0026-C-2.jpg\"><img loading=\"lazy\" decoding=\"async\" width=\"1024\" height=\"779\" src=\"https:\/\/tvbuchs-zh.ch\/wordpress\/wp-content\/uploads\/2024\/09\/IMG-20240825-WA0026-C-2-1024x779.jpg\" alt=\"\" class=\"wp-image-2623\" srcset=\"https:\/\/tvbuchs-zh.ch\/wordpress\/wp-content\/uploads\/2024\/09\/IMG-20240825-WA0026-C-2-1024x779.jpg 1024w, https:\/\/tvbuchs-zh.ch\/wordpress\/wp-content\/uploads\/2024\/09\/IMG-20240825-WA0026-C-2-300x228.jpg 300w, https:\/\/tvbuchs-zh.ch\/wordpress\/wp-content\/uploads\/2024\/09\/IMG-20240825-WA0026-C-2-768x584.jpg 768w, https:\/\/tvbuchs-zh.ch\/wordpress\/wp-content\/uploads\/2024\/09\/IMG-20240825-WA0026-C-2-1200x913.jpg 1200w, https:\/\/tvbuchs-zh.ch\/wordpress\/wp-content\/uploads\/2024\/09\/IMG-20240825-WA0026-C-2.jpg 1425w\" sizes=\"auto, (max-width: 709px) 85vw, (max-width: 909px) 67vw, (max-width: 1362px) 62vw, 840px\" \/><\/a><\/figure>\n\n\n\n<p>Wiederum eine gelungene und interessante Turnfahrt.<br>Vielen Dank dem Organisator Simi.<\/p>\n\n\n\n<p>Joel Mildner und W\u00e4di Meier<\/p>\n","protected":false},"excerpt":{"rendered":"<p>Am Freitagmorgen, 23. August machten wir uns mit dem Zug auf den Weg nach Davos. Unser erstes Ziel war das Schweizerische Lawinenforschungszentrum, wo wir eine spannende F\u00fchrung \u00fcber die Themen Schnee, Atmosph\u00e4re, Naturgefahren, Permafrost erhielten.Anschliessend teilten wir uns in 2 Gruppen auf. Die J\u00fcngeren st\u00fcrzten sich in den Seilpark Davos, w\u00e4hrend die \u00c4lteren den idyllischen &hellip; <a href=\"https:\/\/tvbuchs-zh.ch\/wordpress\/turnverein-auf-turnfahrt-nach-davos\/\" class=\"more-link\">Continue reading<span class=\"screen-reader-text\"> &#8220;Turnverein auf Turnfahrt nach Davos&#8221;<\/span><\/a><\/p>\n","protected":false},"author":1,"featured_media":0,"comment_status":"closed","ping_status":"closed","sticky":false,"template":"","format":"standard","meta":{"ngg_post_thumbnail":0,"footnotes":""},"categories":[7],"tags":[],"class_list":["post-2617","post","type-post","status-publish","format-standard","hentry","category-text-des-turnvereins"],"_links":{"self":[{"href":"https:\/\/tvbuchs-zh.ch\/wordpress\/wp-json\/wp\/v2\/posts\/2617","targetHints":{"allow":["GET"]}}],"collection":[{"href":"https:\/\/tvbuchs-zh.ch\/wordpress\/wp-json\/wp\/v2\/posts"}],"about":[{"href":"https:\/\/tvbuchs-zh.ch\/wordpress\/wp-json\/wp\/v2\/types\/post"}],"author":[{"embeddable":true,"href":"https:\/\/tvbuchs-zh.ch\/wordpress\/wp-json\/wp\/v2\/users\/1"}],"replies":[{"embeddable":true,"href":"https:\/\/tvbuchs-zh.ch\/wordpress\/wp-json\/wp\/v2\/comments?post=2617"}],"version-history":[{"count":3,"href":"https:\/\/tvbuchs-zh.ch\/wordpress\/wp-json\/wp\/v2\/posts\/2617\/revisions"}],"predecessor-version":[{"id":2633,"href":"https:\/\/tvbuchs-zh.ch\/wordpress\/wp-json\/wp\/v2\/posts\/2617\/revisions\/2633"}],"wp:attachment":[{"href":"https:\/\/tvbuchs-zh.ch\/wordpress\/wp-json\/wp\/v2\/media?parent=2617"}],"wp:term":[{"taxonomy":"category","embeddable":true,"href":"https:\/\/tvbuchs-zh.ch\/wordpress\/wp-json\/wp\/v2\/categories?post=2617"},{"taxonomy":"post_tag","embeddable":true,"href":"https:\/\/tvbuchs-zh.ch\/wordpress\/wp-json\/wp\/v2\/tags?post=2617"}],"curies":[{"name":"wp","href":"https:\/\/api.w.org\/{rel}","templated":true}]}}