{"id":2671,"date":"2024-10-25T13:14:46","date_gmt":"2024-10-25T11:14:46","guid":{"rendered":"https:\/\/tvbuchs-zh.ch\/wordpress\/?p=2671"},"modified":"2025-04-20T15:46:38","modified_gmt":"2025-04-20T13:46:38","slug":"12-lauf-rund-um-dlagere","status":"publish","type":"post","link":"https:\/\/tvbuchs-zh.ch\/wordpress\/12-lauf-rund-um-dlagere\/","title":{"rendered":"12. Lauf &#8220;Rund um d&#8217;L\u00e4gere&#8221;"},"content":{"rendered":"\n<figure class=\"wp-block-image size-large\"><a href=\"https:\/\/tvbuchs-zh.ch\/wordpress\/wp-content\/uploads\/2024\/10\/20241020_090000-C-scaled.jpg\"><img loading=\"lazy\" decoding=\"async\" width=\"1024\" height=\"593\" src=\"https:\/\/tvbuchs-zh.ch\/wordpress\/wp-content\/uploads\/2024\/10\/20241020_090000-C-1024x593.jpg\" alt=\"\" class=\"wp-image-2670\" srcset=\"https:\/\/tvbuchs-zh.ch\/wordpress\/wp-content\/uploads\/2024\/10\/20241020_090000-C-1024x593.jpg 1024w, https:\/\/tvbuchs-zh.ch\/wordpress\/wp-content\/uploads\/2024\/10\/20241020_090000-C-300x174.jpg 300w, https:\/\/tvbuchs-zh.ch\/wordpress\/wp-content\/uploads\/2024\/10\/20241020_090000-C-768x445.jpg 768w, https:\/\/tvbuchs-zh.ch\/wordpress\/wp-content\/uploads\/2024\/10\/20241020_090000-C-1536x889.jpg 1536w, https:\/\/tvbuchs-zh.ch\/wordpress\/wp-content\/uploads\/2024\/10\/20241020_090000-C-2048x1186.jpg 2048w, https:\/\/tvbuchs-zh.ch\/wordpress\/wp-content\/uploads\/2024\/10\/20241020_090000-C-1200x695.jpg 1200w\" sizes=\"auto, (max-width: 709px) 85vw, (max-width: 909px) 67vw, (max-width: 1362px) 62vw, 840px\" \/><\/a><\/figure>\n\n\n\n<p>Am Sonntagmorgen, 20. Oktober 2024 war es wieder soweit. Rund 15 L\u00e4uferinnen und L\u00e4ufer aus den eigenen Riegen, sowie Angeh\u00f6rige und Freunde fanden sich bereits zum traditionellen, 12. Lauf &#8220;Rund um d&#8217;L\u00e4gere&#8221; bei der Schreinerei im Hinterdorf ein. Um Punkt 9 Uhr machten sich die Sportlerinnen und Sportler auf den ambiti\u00f6sen Weg \u00fcber die rund 25 Kilometer lange Laufstrecke mit etlichen, nicht zu untersch\u00e4tzenden H\u00f6hendifferenzen. Nach anf\u00e4nglich leichtem Gef\u00e4lle begann bereits der Aufstieg. An der Buchser Kirche vorbei zum Wolfacher bis ins St\u00e4dtchen Regensberg zum 1. Verpflegungsposten. Die Spitzenl\u00e4ufer hatten bereits einen beachtlichen Vorsprung auf ihre Verfolger herausgelaufen. Nach der St\u00e4rkung ging es im Wehntal weiter, parallel zum L\u00e4gerngratweg bis zum Bauernhof L\u00e4gerenweid auf rund 770 m \u00fc.M. Nach diesem zweiten Streckenabschnitt waren wohl die gr\u00f6ssten Steigungen, nicht aber die gr\u00f6ssten Strapazen \u00fcberwunden. Die Abst\u00e4nde der einzelnen Gruppen vergr\u00f6sserten sich von Kilometer zu Kilometer. Weiter der L\u00e4gern entlang, bei idealen Lauftemperaturen, aber durch den Nebel n\u00e4ssende Witterungsbedingungen, rannten die Sportler auf den laubbedeckten Waldwegen bis zum Wendepunkt beim Restaurant Schartenfels in Wettingen. Kurze, aber \u201egiftige\u201c Steigungen und die &#8220;elend lange Treppe&#8221; verlangten von den L\u00e4ufer immer wieder Motivationssch\u00fcbe ab, bevor sie eine kurze, aber auch n\u00f6tige Verschnaufpause einlegten konnten. Nach der 3. St\u00e4rkung ging es Richtung Otelfingen zum letzten Kontroll- und Verpflegungsposten. Obwohl keine gr\u00f6sseren Steigungen mehr zu bew\u00e4ltigen waren, hatten die meisten Hobbysportler, sie hatten inzwischen \u00fcber 15 Kilometer Laufstrecke in den Knochen, etliche M\u00fche die immer leicht ansteigende Strecke zu bew\u00e4ltigen. Sichtlich mitgenommen wurde die letzte Verpflegung und Verschnaufpause genossen. Mit gegenseitigen Aufmunterungen wurde das letzte Teilst\u00fcck zur\u00fcck nach Buchs unter die F\u00fcsse genommen. Endlich am Ziel angekommen, konnten sich die Sportler mit einer warmen Dusche etwas entspannen und sich f\u00fcr den anschliessenden gem\u00fctlichen Teil vorbereiten. Die K\u00fcchencrew sorgte mit einem Spaghettiplausch und Dessert f\u00fcr das leibliche Wohl.<br>Obwohl offiziell keine Zeit gemessen und auch keine Rangliste erstellt wurde, konnten an der \u201eRangverk\u00fcndigung\u201c der zeitschnellste Turner, unser Vize-OT Thomas und die ersteinlaufende Sportlerin einen symbolischen Ehrenpreis in Empfang nehmen.<br>Mit einem rund halbst\u00fcndigen Zeitvorsprung und dem Start oberhalb von Buchs absolvierte eine Walkergruppe den gleichen, anstrengenden Parcour. Auch sie erreichten das ersehnte Ziel und konnten sich zusammen mit den anderen Sportler die Lorbeeren teilen.<\/p>\n\n\n\n<p>An dieser Stelle danken wir allen Sportlerinnen und Sportler, der ganzen K\u00fcchencrew, allen Helferinnen und Helfer und den Dessertspender ganz herzlich. Ein ganz spezieller Dank gilt aber auch unserem Ehrenmitglied Hugo f\u00fcr die Nutzung seiner Infrastruktur und unserem langj\u00e4hrigen Organisator und Ehrenmitglied Simi. Vielen herzlichen Dank!<\/p>\n\n\n\n<p>Turnverein Buchs<br>OK Rund um d\u2018L\u00e4gere<\/p>\n","protected":false},"excerpt":{"rendered":"<p>Am Sonntagmorgen, 20. Oktober 2024 war es wieder soweit. Rund 15 L\u00e4uferinnen und L\u00e4ufer aus den eigenen Riegen, sowie Angeh\u00f6rige und Freunde fanden sich bereits zum traditionellen, 12. Lauf &#8220;Rund um d&#8217;L\u00e4gere&#8221; bei der Schreinerei im Hinterdorf ein. Um Punkt 9 Uhr machten sich die Sportlerinnen und Sportler auf den ambiti\u00f6sen Weg \u00fcber die rund &hellip; <a href=\"https:\/\/tvbuchs-zh.ch\/wordpress\/12-lauf-rund-um-dlagere\/\" class=\"more-link\">Continue reading<span class=\"screen-reader-text\"> &#8220;12. Lauf &#8220;Rund um d&#8217;L\u00e4gere&#8221;&#8221;<\/span><\/a><\/p>\n","protected":false},"author":1,"featured_media":0,"comment_status":"closed","ping_status":"closed","sticky":false,"template":"","format":"standard","meta":{"ngg_post_thumbnail":0,"footnotes":""},"categories":[7],"tags":[],"class_list":["post-2671","post","type-post","status-publish","format-standard","hentry","category-text-des-turnvereins"],"_links":{"self":[{"href":"https:\/\/tvbuchs-zh.ch\/wordpress\/wp-json\/wp\/v2\/posts\/2671","targetHints":{"allow":["GET"]}}],"collection":[{"href":"https:\/\/tvbuchs-zh.ch\/wordpress\/wp-json\/wp\/v2\/posts"}],"about":[{"href":"https:\/\/tvbuchs-zh.ch\/wordpress\/wp-json\/wp\/v2\/types\/post"}],"author":[{"embeddable":true,"href":"https:\/\/tvbuchs-zh.ch\/wordpress\/wp-json\/wp\/v2\/users\/1"}],"replies":[{"embeddable":true,"href":"https:\/\/tvbuchs-zh.ch\/wordpress\/wp-json\/wp\/v2\/comments?post=2671"}],"version-history":[{"count":3,"href":"https:\/\/tvbuchs-zh.ch\/wordpress\/wp-json\/wp\/v2\/posts\/2671\/revisions"}],"predecessor-version":[{"id":2676,"href":"https:\/\/tvbuchs-zh.ch\/wordpress\/wp-json\/wp\/v2\/posts\/2671\/revisions\/2676"}],"wp:attachment":[{"href":"https:\/\/tvbuchs-zh.ch\/wordpress\/wp-json\/wp\/v2\/media?parent=2671"}],"wp:term":[{"taxonomy":"category","embeddable":true,"href":"https:\/\/tvbuchs-zh.ch\/wordpress\/wp-json\/wp\/v2\/categories?post=2671"},{"taxonomy":"post_tag","embeddable":true,"href":"https:\/\/tvbuchs-zh.ch\/wordpress\/wp-json\/wp\/v2\/tags?post=2671"}],"curies":[{"name":"wp","href":"https:\/\/api.w.org\/{rel}","templated":true}]}}